{"id":3953,"date":"2025-08-04T07:57:06","date_gmt":"2025-08-04T05:57:06","guid":{"rendered":"https:\/\/www.vote-for-peace.org\/?p=3953"},"modified":"2025-08-04T08:30:15","modified_gmt":"2025-08-04T06:30:15","slug":"elementor-3953","status":"publish","type":"post","link":"https:\/\/www.vote-for-peace.org\/de\/blog\/2025\/08\/04\/elementor-3953\/","title":{"rendered":"Klimaschutz und Frieden"},"content":{"rendered":"\t\t<div data-elementor-type=\"wp-post\" data-elementor-id=\"3953\" class=\"elementor elementor-3953\" data-elementor-post-type=\"post\">\n\t\t\t\t<div class=\"elementor-element elementor-element-7653e85 e-flex e-con-boxed e-con e-parent\" data-id=\"7653e85\" data-element_type=\"container\" data-e-type=\"container\">\n\t\t\t\t\t<div class=\"e-con-inner\">\n\t\t\t\t<div class=\"elementor-element elementor-element-91e4244 elementor-widget elementor-widget-text-editor\" data-id=\"91e4244\" data-element_type=\"widget\" data-e-type=\"widget\" data-widget_type=\"text-editor.default\">\n\t\t\t\t<div class=\"elementor-widget-container\">\n\t\t\t\t\t\t\t\t\t<p>Die Erderw\u00e4rmung ist eine der gr\u00f6\u00dften Herausforderungen unserer Zeit. Viele Staaten haben bereits wichtige Schritte zum Schutze des Klimas unternommen, aber der so dringend notwendige gro\u00dfe Durchbruch ist nicht in Sicht. Es ist ein globales Problem und kann daher auch nur global gel\u00f6st werden. Es erfordert, dass die internationale Staatengemeinschaft deutlich besser zusammenarbeitet.<\/p><p>Aber wir leben in irrationalen Zeiten. Obwohl wir eigentlich weltweit kooperieren m\u00fcssten, um unser aller Lebensgrundlagen zu sch\u00fctzen, nehmen Kriege und Konflikte deutlich zu. Die Zusammenarbeit der Nationen wird dadurch massiv erschwert. Denn Staaten, die gegeneinander k\u00e4mpfen, arbeiten beim Umweltschutz nicht pl\u00f6tzlich zusammen. Mit einem einfachen Bild gesprochen, k\u00f6nnte man die Lage vielleicht so beschreiben: Das Haus brennt, aber die Feuerwehrleute pr\u00fcgeln sich, anstatt zu l\u00f6schen. Die Themen Frieden und Klimaschutz sollten daher immer zusammen betrachtet werden. Gro\u00df angelegter Klimaschutz hat nur dann eine echte Chance, wenn wir die kriegerischen Konflikte l\u00f6sen.<\/p><p>Aber auch in L\u00e4ndern, die nicht direkt in Kampfhandlungen verwickelt sind, wird der Klimaschutz durch die globale Zunahme von Gewalt deutlich einschr\u00e4nkt. Kriege und Konflikte stehen mehr und mehr im Fokus der Berichterstattung und der \u00f6ffentlichen Wahrnehmung. Viele Menschen haben Angst vor einer Ausweitung der Auseinandersetzungen, wodurch sich die Priorit\u00e4ten verschieben \u2013 weg von Themen wie Klimaschutz, hin zu Fragen der Verteidigung und Wirtschaft. Gleichzeitig f\u00fchren in vielen L\u00e4ndern die massiv ansteigenden Ausgaben zu immer h\u00f6heren Staatsschulden, wodurch die finanziellen M\u00f6glichkeiten, in nachhaltigen Klimaschutz zu investieren, abnehmen &#8211; zu Lasten junger Menschen und kommender Generationen.<\/p>\t\t\t\t\t\t\t\t<\/div>\n\t\t\t\t<\/div>\n\t\t\t\t\t<\/div>\n\t\t\t\t<\/div>\n\t\t\t\t<\/div>\n\t\t","protected":false},"excerpt":{"rendered":"<p>Die Erderw\u00e4rmung ist eine der gr\u00f6\u00dften Herausforderungen unserer Zeit. Viele Staaten haben bereits wichtige Schritte zum Schutze des Klimas unternommen, aber der so dringend notwendige gro\u00dfe Durchbruch ist nicht in [&hellip;]<\/p>\n","protected":false},"author":1,"featured_media":0,"comment_status":"closed","ping_status":"open","sticky":false,"template":"","format":"standard","meta":{"footnotes":""},"categories":[43],"tags":[59],"class_list":["post-3953","post","type-post","status-publish","format-standard","hentry","category-blog","tag-klimaschutz"],"_links":{"self":[{"href":"https:\/\/www.vote-for-peace.org\/de\/wp-json\/wp\/v2\/posts\/3953","targetHints":{"allow":["GET"]}}],"collection":[{"href":"https:\/\/www.vote-for-peace.org\/de\/wp-json\/wp\/v2\/posts"}],"about":[{"href":"https:\/\/www.vote-for-peace.org\/de\/wp-json\/wp\/v2\/types\/post"}],"author":[{"embeddable":true,"href":"https:\/\/www.vote-for-peace.org\/de\/wp-json\/wp\/v2\/users\/1"}],"replies":[{"embeddable":true,"href":"https:\/\/www.vote-for-peace.org\/de\/wp-json\/wp\/v2\/comments?post=3953"}],"version-history":[{"count":10,"href":"https:\/\/www.vote-for-peace.org\/de\/wp-json\/wp\/v2\/posts\/3953\/revisions"}],"predecessor-version":[{"id":3963,"href":"https:\/\/www.vote-for-peace.org\/de\/wp-json\/wp\/v2\/posts\/3953\/revisions\/3963"}],"wp:attachment":[{"href":"https:\/\/www.vote-for-peace.org\/de\/wp-json\/wp\/v2\/media?parent=3953"}],"wp:term":[{"taxonomy":"category","embeddable":true,"href":"https:\/\/www.vote-for-peace.org\/de\/wp-json\/wp\/v2\/categories?post=3953"},{"taxonomy":"post_tag","embeddable":true,"href":"https:\/\/www.vote-for-peace.org\/de\/wp-json\/wp\/v2\/tags?post=3953"}],"curies":[{"name":"wp","href":"https:\/\/api.w.org\/{rel}","templated":true}]}}